{"id":2426,"date":"2025-10-28T10:15:44","date_gmt":"2025-10-28T10:15:44","guid":{"rendered":"https:\/\/soho.ceweb-group.eu\/?p=2426"},"modified":"2026-01-14T15:19:37","modified_gmt":"2026-01-14T15:19:37","slug":"complexe-commercial-des-3-vallees","status":"publish","type":"post","link":"https:\/\/soho-aquitaine.com\/en\/complexe-commercial-des-3-vallees\/","title":{"rendered":"Complexe commercial des 3 Vall\u00e9es &#8211; Creysse (24)"},"content":{"rendered":"<figure class=\"wp-block-gallery has-nested-images columns-default is-cropped wp-block-gallery-1 is-layout-flex wp-block-gallery-is-layout-flex\">\n<figure class=\"wp-block-image size-large\"><img fetchpriority=\"high\" decoding=\"async\" width=\"1024\" height=\"522\" data-id=\"2428\" src=\"https:\/\/soho.ceweb-group.eu\/wp-content\/uploads\/2025\/10\/creysse2-3V-1024x522.webp\" alt=\"\" class=\"wp-image-2428\" srcset=\"https:\/\/soho-aquitaine.com\/wp-content\/uploads\/2025\/10\/creysse2-3V-1024x522.webp 1024w, https:\/\/soho-aquitaine.com\/wp-content\/uploads\/2025\/10\/creysse2-3V-300x153.webp 300w, https:\/\/soho-aquitaine.com\/wp-content\/uploads\/2025\/10\/creysse2-3V-768x391.webp 768w, https:\/\/soho-aquitaine.com\/wp-content\/uploads\/2025\/10\/creysse2-3V-1536x783.webp 1536w, https:\/\/soho-aquitaine.com\/wp-content\/uploads\/2025\/10\/creysse2-3V-2048x1043.webp 2048w, https:\/\/soho-aquitaine.com\/wp-content\/uploads\/2025\/10\/creysse2-3V-18x9.webp 18w\" sizes=\"(max-width: 1024px) 100vw, 1024px\" \/><\/figure>\n\n\n\n<figure class=\"wp-block-image size-large\"><img decoding=\"async\" width=\"1024\" height=\"788\" data-id=\"2429\" src=\"https:\/\/soho.ceweb-group.eu\/wp-content\/uploads\/2025\/10\/creysse3-3V-2025-1024x788.webp\" alt=\"\" class=\"wp-image-2429\" srcset=\"https:\/\/soho-aquitaine.com\/wp-content\/uploads\/2025\/10\/creysse3-3V-2025-1024x788.webp 1024w, https:\/\/soho-aquitaine.com\/wp-content\/uploads\/2025\/10\/creysse3-3V-2025-300x231.webp 300w, https:\/\/soho-aquitaine.com\/wp-content\/uploads\/2025\/10\/creysse3-3V-2025-768x591.webp 768w, https:\/\/soho-aquitaine.com\/wp-content\/uploads\/2025\/10\/creysse3-3V-2025-1536x1182.webp 1536w, https:\/\/soho-aquitaine.com\/wp-content\/uploads\/2025\/10\/creysse3-3V-2025-2048x1576.webp 2048w, https:\/\/soho-aquitaine.com\/wp-content\/uploads\/2025\/10\/creysse3-3V-2025-16x12.webp 16w\" sizes=\"(max-width: 1024px) 100vw, 1024px\" \/><\/figure>\n\n\n\n<figure class=\"wp-block-image size-large\"><img decoding=\"async\" width=\"1024\" height=\"383\" data-id=\"2430\" src=\"https:\/\/soho.ceweb-group.eu\/wp-content\/uploads\/2025\/10\/creysse-3v-1-1024x383.webp\" alt=\"\" class=\"wp-image-2430\" srcset=\"https:\/\/soho-aquitaine.com\/wp-content\/uploads\/2025\/10\/creysse-3v-1-1024x383.webp 1024w, https:\/\/soho-aquitaine.com\/wp-content\/uploads\/2025\/10\/creysse-3v-1-300x112.webp 300w, https:\/\/soho-aquitaine.com\/wp-content\/uploads\/2025\/10\/creysse-3v-1-768x287.webp 768w, https:\/\/soho-aquitaine.com\/wp-content\/uploads\/2025\/10\/creysse-3v-1-18x7.webp 18w, https:\/\/soho-aquitaine.com\/wp-content\/uploads\/2025\/10\/creysse-3v-1.webp 1444w\" sizes=\"(max-width: 1024px) 100vw, 1024px\" \/><\/figure>\n\n\n\n<figure class=\"wp-block-image size-large\"><img loading=\"lazy\" decoding=\"async\" width=\"1024\" height=\"321\" data-id=\"2431\" src=\"https:\/\/soho.ceweb-group.eu\/wp-content\/uploads\/2025\/10\/creysse-3v-2-1024x321.webp\" alt=\"\" class=\"wp-image-2431\" srcset=\"https:\/\/soho-aquitaine.com\/wp-content\/uploads\/2025\/10\/creysse-3v-2-1024x321.webp 1024w, https:\/\/soho-aquitaine.com\/wp-content\/uploads\/2025\/10\/creysse-3v-2-300x94.webp 300w, https:\/\/soho-aquitaine.com\/wp-content\/uploads\/2025\/10\/creysse-3v-2-768x241.webp 768w, https:\/\/soho-aquitaine.com\/wp-content\/uploads\/2025\/10\/creysse-3v-2-1536x482.webp 1536w, https:\/\/soho-aquitaine.com\/wp-content\/uploads\/2025\/10\/creysse-3v-2-18x6.webp 18w, https:\/\/soho-aquitaine.com\/wp-content\/uploads\/2025\/10\/creysse-3v-2.webp 1575w\" sizes=\"(max-width: 1024px) 100vw, 1024px\" \/><\/figure>\n\n\n\n<figure class=\"wp-block-image size-large\"><img loading=\"lazy\" decoding=\"async\" width=\"1024\" height=\"321\" data-id=\"2432\" src=\"https:\/\/soho.ceweb-group.eu\/wp-content\/uploads\/2025\/10\/creysse-3v-2-nb-1024x321.webp\" alt=\"\" class=\"wp-image-2432\" srcset=\"https:\/\/soho-aquitaine.com\/wp-content\/uploads\/2025\/10\/creysse-3v-2-nb-1024x321.webp 1024w, https:\/\/soho-aquitaine.com\/wp-content\/uploads\/2025\/10\/creysse-3v-2-nb-300x94.webp 300w, https:\/\/soho-aquitaine.com\/wp-content\/uploads\/2025\/10\/creysse-3v-2-nb-768x241.webp 768w, https:\/\/soho-aquitaine.com\/wp-content\/uploads\/2025\/10\/creysse-3v-2-nb-1536x482.webp 1536w, https:\/\/soho-aquitaine.com\/wp-content\/uploads\/2025\/10\/creysse-3v-2-nb-18x6.webp 18w, https:\/\/soho-aquitaine.com\/wp-content\/uploads\/2025\/10\/creysse-3v-2-nb.webp 1575w\" sizes=\"(max-width: 1024px) 100vw, 1024px\" \/><\/figure>\n\n\n\n<figure class=\"wp-block-image size-large\"><img loading=\"lazy\" decoding=\"async\" width=\"1024\" height=\"346\" data-id=\"2433\" src=\"https:\/\/soho.ceweb-group.eu\/wp-content\/uploads\/2025\/10\/creysse-3v-3-1024x346.webp\" alt=\"\" class=\"wp-image-2433\" srcset=\"https:\/\/soho-aquitaine.com\/wp-content\/uploads\/2025\/10\/creysse-3v-3-1024x346.webp 1024w, https:\/\/soho-aquitaine.com\/wp-content\/uploads\/2025\/10\/creysse-3v-3-300x101.webp 300w, https:\/\/soho-aquitaine.com\/wp-content\/uploads\/2025\/10\/creysse-3v-3-768x259.webp 768w, https:\/\/soho-aquitaine.com\/wp-content\/uploads\/2025\/10\/creysse-3v-3-1536x519.webp 1536w, https:\/\/soho-aquitaine.com\/wp-content\/uploads\/2025\/10\/creysse-3v-3-2048x692.webp 2048w, https:\/\/soho-aquitaine.com\/wp-content\/uploads\/2025\/10\/creysse-3v-3-18x6.webp 18w\" sizes=\"(max-width: 1024px) 100vw, 1024px\" \/><\/figure>\n\n\n\n<figure class=\"wp-block-image size-large\"><img loading=\"lazy\" decoding=\"async\" width=\"796\" height=\"540\" data-id=\"2427\" src=\"https:\/\/soho.ceweb-group.eu\/wp-content\/uploads\/2025\/10\/creysse-3v-4.webp\" alt=\"\" class=\"wp-image-2427\" srcset=\"https:\/\/soho-aquitaine.com\/wp-content\/uploads\/2025\/10\/creysse-3v-4.webp 796w, https:\/\/soho-aquitaine.com\/wp-content\/uploads\/2025\/10\/creysse-3v-4-300x204.webp 300w, https:\/\/soho-aquitaine.com\/wp-content\/uploads\/2025\/10\/creysse-3v-4-768x521.webp 768w, https:\/\/soho-aquitaine.com\/wp-content\/uploads\/2025\/10\/creysse-3v-4-18x12.webp 18w\" sizes=\"(max-width: 796px) 100vw, 796px\" \/><\/figure>\n\n\n\n<figure class=\"wp-block-image size-large\"><img loading=\"lazy\" decoding=\"async\" width=\"1024\" height=\"768\" data-id=\"2434\" src=\"https:\/\/soho.ceweb-group.eu\/wp-content\/uploads\/2025\/10\/creysse-3v-5-1024x768.webp\" alt=\"\" class=\"wp-image-2434\" srcset=\"https:\/\/soho-aquitaine.com\/wp-content\/uploads\/2025\/10\/creysse-3v-5-1024x768.webp 1024w, https:\/\/soho-aquitaine.com\/wp-content\/uploads\/2025\/10\/creysse-3v-5-300x225.webp 300w, https:\/\/soho-aquitaine.com\/wp-content\/uploads\/2025\/10\/creysse-3v-5-768x576.webp 768w, https:\/\/soho-aquitaine.com\/wp-content\/uploads\/2025\/10\/creysse-3v-5-1536x1152.webp 1536w, https:\/\/soho-aquitaine.com\/wp-content\/uploads\/2025\/10\/creysse-3v-5-2048x1535.webp 2048w, https:\/\/soho-aquitaine.com\/wp-content\/uploads\/2025\/10\/creysse-3v-5-16x12.webp 16w\" sizes=\"(max-width: 1024px) 100vw, 1024px\" \/><\/figure>\n\n\n\n<figure class=\"wp-block-image size-large\"><img loading=\"lazy\" decoding=\"async\" width=\"615\" height=\"1024\" data-id=\"2435\" src=\"https:\/\/soho.ceweb-group.eu\/wp-content\/uploads\/2025\/10\/creysse-3V-2025-615x1024.webp\" alt=\"\" class=\"wp-image-2435\" srcset=\"https:\/\/soho-aquitaine.com\/wp-content\/uploads\/2025\/10\/creysse-3V-2025-615x1024.webp 615w, https:\/\/soho-aquitaine.com\/wp-content\/uploads\/2025\/10\/creysse-3V-2025-180x300.webp 180w, https:\/\/soho-aquitaine.com\/wp-content\/uploads\/2025\/10\/creysse-3V-2025-768x1279.webp 768w, https:\/\/soho-aquitaine.com\/wp-content\/uploads\/2025\/10\/creysse-3V-2025-922x1536.webp 922w, https:\/\/soho-aquitaine.com\/wp-content\/uploads\/2025\/10\/creysse-3V-2025-1230x2048.webp 1230w, https:\/\/soho-aquitaine.com\/wp-content\/uploads\/2025\/10\/creysse-3V-2025-7x12.webp 7w, https:\/\/soho-aquitaine.com\/wp-content\/uploads\/2025\/10\/creysse-3V-2025-scaled.webp 1537w\" sizes=\"(max-width: 615px) 100vw, 615px\" \/><\/figure>\n\n\n\n<figure class=\"wp-block-image size-large\"><img loading=\"lazy\" decoding=\"async\" width=\"1024\" height=\"475\" data-id=\"2436\" src=\"https:\/\/soho.ceweb-group.eu\/wp-content\/uploads\/2025\/10\/creysse-3v-aerien-1-1024x475.webp\" alt=\"\" class=\"wp-image-2436\" srcset=\"https:\/\/soho-aquitaine.com\/wp-content\/uploads\/2025\/10\/creysse-3v-aerien-1-1024x475.webp 1024w, https:\/\/soho-aquitaine.com\/wp-content\/uploads\/2025\/10\/creysse-3v-aerien-1-300x139.webp 300w, https:\/\/soho-aquitaine.com\/wp-content\/uploads\/2025\/10\/creysse-3v-aerien-1-768x356.webp 768w, https:\/\/soho-aquitaine.com\/wp-content\/uploads\/2025\/10\/creysse-3v-aerien-1-1536x713.webp 1536w, https:\/\/soho-aquitaine.com\/wp-content\/uploads\/2025\/10\/creysse-3v-aerien-1-2048x950.webp 2048w, https:\/\/soho-aquitaine.com\/wp-content\/uploads\/2025\/10\/creysse-3v-aerien-1-18x8.webp 18w\" sizes=\"(max-width: 1024px) 100vw, 1024px\" \/><\/figure>\n<\/figure>\n\n\n\n<p>R\u00e9alisation d\u2019un p\u00f4le commercial \u00e0 l\u2019\u00e9chelle de la communaut\u00e9 de communes du Bergeracois. Des espaces et des offres mis en coh\u00e9rence avec la collectivit\u00e9 en mati\u00e8re d\u2019am\u00e9nagement, de d\u00e9veloppement durable et de Haute Qualit\u00e9 Environnementale recherch\u00e9e. L\u2019ensemble se d\u00e9ploie sur un terrain de plus de 130 000 m1. \u00c0 ce jour, le complexe s\u2019articule autour d\u2019un hypermarch\u00e9 locomotive (Carrefour puis Intermarch\u00e9) identifi\u00e9 b\u00e2timent A, avec sa galerie et sa caf\u00e9t\u00e9ria, ainsi que de nombreuses enseignes qui constituent le complexe commercial. Une entit\u00e9 qui \u00e9volue dans le cadre strict d\u2019une unit\u00e9 souhait\u00e9e et d\u2019un parking dit \u00ab rangs de vigne \u00bb qui re\u00e7oit des attentions.<\/p>","protected":false},"excerpt":{"rendered":"<p>R\u00e9alisation d\u2019un p\u00f4le commercial \u00e0 l\u2019\u00e9chelle de la communaut\u00e9 de communes du Bergeracois. Des espaces et des offres mis en coh\u00e9rence avec la collectivit\u00e9 en mati\u00e8re d\u2019am\u00e9nagement, de d\u00e9veloppement durable et de Haute Qualit\u00e9 Environnementale recherch\u00e9e. L\u2019ensemble se d\u00e9ploie sur un terrain de plus de 130 000 m1. \u00c0 ce jour, le complexe s\u2019articule autour [&hellip;]<\/p>\n","protected":false},"author":4,"featured_media":2428,"comment_status":"closed","ping_status":"closed","sticky":false,"template":"","format":"standard","meta":{"_acf_changed":false,"footnotes":""},"categories":[26],"tags":[],"class_list":["post-2426","post","type-post","status-publish","format-standard","has-post-thumbnail","hentry","category-retail"],"blocksy_meta":[],"acf":[],"yoast_head":"<!-- This site is optimized with the Yoast SEO plugin v27.5 - https:\/\/yoast.com\/product\/yoast-seo-wordpress\/ -->\n<title>Complexe commercial des 3 Vall\u00e9es - Creysse (24) - SOHO Aquitaine<\/title>\n<meta name=\"robots\" content=\"index, follow, max-snippet:-1, max-image-preview:large, max-video-preview:-1\" \/>\n<link rel=\"canonical\" href=\"https:\/\/soho-aquitaine.com\/en\/complexe-commercial-des-3-vallees\/\" \/>\n<meta property=\"og:locale\" content=\"en_US\" \/>\n<meta property=\"og:type\" content=\"article\" \/>\n<meta property=\"og:title\" content=\"Complexe commercial des 3 Vall\u00e9es - Creysse (24) - SOHO Aquitaine\" \/>\n<meta property=\"og:description\" content=\"R\u00e9alisation d\u2019un p\u00f4le commercial \u00e0 l\u2019\u00e9chelle de la communaut\u00e9 de communes du Bergeracois. Des espaces et des offres mis en coh\u00e9rence avec la collectivit\u00e9 en mati\u00e8re d\u2019am\u00e9nagement, de d\u00e9veloppement durable et de Haute Qualit\u00e9 Environnementale recherch\u00e9e. L\u2019ensemble se d\u00e9ploie sur un terrain de plus de 130 000 m1. \u00c0 ce jour, le complexe s\u2019articule autour [&hellip;]\" \/>\n<meta property=\"og:url\" content=\"https:\/\/soho-aquitaine.com\/en\/complexe-commercial-des-3-vallees\/\" \/>\n<meta property=\"og:site_name\" content=\"SOHO Aquitaine\" \/>\n<meta property=\"article:published_time\" content=\"2025-10-28T10:15:44+00:00\" \/>\n<meta property=\"article:modified_time\" content=\"2026-01-14T15:19:37+00:00\" \/>\n<meta property=\"og:image\" content=\"https:\/\/soho-aquitaine.com\/wp-content\/uploads\/2025\/10\/creysse2-3V-scaled.webp\" \/>\n\t<meta property=\"og:image:width\" content=\"2560\" \/>\n\t<meta property=\"og:image:height\" content=\"1304\" \/>\n\t<meta property=\"og:image:type\" content=\"image\/webp\" \/>\n<meta name=\"author\" content=\"Soho Aquitaine\" \/>\n<meta name=\"twitter:card\" content=\"summary_large_image\" \/>\n<meta name=\"twitter:label1\" content=\"Written by\" \/>\n\t<meta name=\"twitter:data1\" content=\"Soho Aquitaine\" \/>\n\t<meta name=\"twitter:label2\" content=\"Est. reading time\" \/>\n\t<meta name=\"twitter:data2\" content=\"1 minute\" \/>\n<script type=\"application\/ld+json\" class=\"yoast-schema-graph\">{\"@context\":\"https:\\\/\\\/schema.org\",\"@graph\":[{\"@type\":\"Article\",\"@id\":\"https:\\\/\\\/soho-aquitaine.com\\\/complexe-commercial-des-3-vallees\\\/#article\",\"isPartOf\":{\"@id\":\"https:\\\/\\\/soho-aquitaine.com\\\/complexe-commercial-des-3-vallees\\\/\"},\"author\":{\"name\":\"Soho Aquitaine\",\"@id\":\"https:\\\/\\\/soho-aquitaine.com\\\/#\\\/schema\\\/person\\\/2e509e1c4f4f79af2053b91516a8a10b\"},\"headline\":\"Complexe commercial des 3 Vall\u00e9es &#8211; Creysse (24)\",\"datePublished\":\"2025-10-28T10:15:44+00:00\",\"dateModified\":\"2026-01-14T15:19:37+00:00\",\"mainEntityOfPage\":{\"@id\":\"https:\\\/\\\/soho-aquitaine.com\\\/complexe-commercial-des-3-vallees\\\/\"},\"wordCount\":126,\"publisher\":{\"@id\":\"https:\\\/\\\/soho-aquitaine.com\\\/#organization\"},\"image\":{\"@id\":\"https:\\\/\\\/soho-aquitaine.com\\\/complexe-commercial-des-3-vallees\\\/#primaryimage\"},\"thumbnailUrl\":\"https:\\\/\\\/soho-aquitaine.com\\\/wp-content\\\/uploads\\\/2025\\\/10\\\/creysse2-3V-scaled.webp\",\"articleSection\":[\"Retail\"],\"inLanguage\":\"en-US\"},{\"@type\":\"WebPage\",\"@id\":\"https:\\\/\\\/soho-aquitaine.com\\\/complexe-commercial-des-3-vallees\\\/\",\"url\":\"https:\\\/\\\/soho-aquitaine.com\\\/complexe-commercial-des-3-vallees\\\/\",\"name\":\"Complexe commercial des 3 Vall\u00e9es - Creysse (24) - SOHO Aquitaine\",\"isPartOf\":{\"@id\":\"https:\\\/\\\/soho-aquitaine.com\\\/#website\"},\"primaryImageOfPage\":{\"@id\":\"https:\\\/\\\/soho-aquitaine.com\\\/complexe-commercial-des-3-vallees\\\/#primaryimage\"},\"image\":{\"@id\":\"https:\\\/\\\/soho-aquitaine.com\\\/complexe-commercial-des-3-vallees\\\/#primaryimage\"},\"thumbnailUrl\":\"https:\\\/\\\/soho-aquitaine.com\\\/wp-content\\\/uploads\\\/2025\\\/10\\\/creysse2-3V-scaled.webp\",\"datePublished\":\"2025-10-28T10:15:44+00:00\",\"dateModified\":\"2026-01-14T15:19:37+00:00\",\"breadcrumb\":{\"@id\":\"https:\\\/\\\/soho-aquitaine.com\\\/complexe-commercial-des-3-vallees\\\/#breadcrumb\"},\"inLanguage\":\"en-US\",\"potentialAction\":[{\"@type\":\"ReadAction\",\"target\":[\"https:\\\/\\\/soho-aquitaine.com\\\/complexe-commercial-des-3-vallees\\\/\"]}]},{\"@type\":\"ImageObject\",\"inLanguage\":\"en-US\",\"@id\":\"https:\\\/\\\/soho-aquitaine.com\\\/complexe-commercial-des-3-vallees\\\/#primaryimage\",\"url\":\"https:\\\/\\\/soho-aquitaine.com\\\/wp-content\\\/uploads\\\/2025\\\/10\\\/creysse2-3V-scaled.webp\",\"contentUrl\":\"https:\\\/\\\/soho-aquitaine.com\\\/wp-content\\\/uploads\\\/2025\\\/10\\\/creysse2-3V-scaled.webp\",\"width\":2560,\"height\":1304},{\"@type\":\"BreadcrumbList\",\"@id\":\"https:\\\/\\\/soho-aquitaine.com\\\/complexe-commercial-des-3-vallees\\\/#breadcrumb\",\"itemListElement\":[{\"@type\":\"ListItem\",\"position\":1,\"name\":\"Accueil\",\"item\":\"https:\\\/\\\/soho-aquitaine.com\\\/\"},{\"@type\":\"ListItem\",\"position\":2,\"name\":\"Complexe commercial des 3 Vall\u00e9es &#8211; Creysse (24)\"}]},{\"@type\":\"WebSite\",\"@id\":\"https:\\\/\\\/soho-aquitaine.com\\\/#website\",\"url\":\"https:\\\/\\\/soho-aquitaine.com\\\/\",\"name\":\"SOHO Aquitaine\",\"description\":\"\",\"publisher\":{\"@id\":\"https:\\\/\\\/soho-aquitaine.com\\\/#organization\"},\"potentialAction\":[{\"@type\":\"SearchAction\",\"target\":{\"@type\":\"EntryPoint\",\"urlTemplate\":\"https:\\\/\\\/soho-aquitaine.com\\\/?s={search_term_string}\"},\"query-input\":{\"@type\":\"PropertyValueSpecification\",\"valueRequired\":true,\"valueName\":\"search_term_string\"}}],\"inLanguage\":\"en-US\"},{\"@type\":\"Organization\",\"@id\":\"https:\\\/\\\/soho-aquitaine.com\\\/#organization\",\"name\":\"SOHO Aquitaine\",\"url\":\"https:\\\/\\\/soho-aquitaine.com\\\/\",\"logo\":{\"@type\":\"ImageObject\",\"inLanguage\":\"en-US\",\"@id\":\"https:\\\/\\\/soho-aquitaine.com\\\/#\\\/schema\\\/logo\\\/image\\\/\",\"url\":\"https:\\\/\\\/soho-aquitaine.com\\\/wp-content\\\/uploads\\\/2025\\\/10\\\/LOGO-NB-SOHO-AQUITAINE.jpg\",\"contentUrl\":\"https:\\\/\\\/soho-aquitaine.com\\\/wp-content\\\/uploads\\\/2025\\\/10\\\/LOGO-NB-SOHO-AQUITAINE.jpg\",\"width\":928,\"height\":478,\"caption\":\"SOHO Aquitaine\"},\"image\":{\"@id\":\"https:\\\/\\\/soho-aquitaine.com\\\/#\\\/schema\\\/logo\\\/image\\\/\"},\"sameAs\":[\"https:\\\/\\\/www.linkedin.com\\\/company\\\/soho-aquitaine\\\/\",\"https:\\\/\\\/www.instagram.com\\\/soho_archi\\\/\",\"https:\\\/\\\/www.youtube.com\\\/@soho_archi\"]},{\"@type\":\"Person\",\"@id\":\"https:\\\/\\\/soho-aquitaine.com\\\/#\\\/schema\\\/person\\\/2e509e1c4f4f79af2053b91516a8a10b\",\"name\":\"Soho Aquitaine\",\"image\":{\"@type\":\"ImageObject\",\"inLanguage\":\"en-US\",\"@id\":\"https:\\\/\\\/secure.gravatar.com\\\/avatar\\\/eb2ecddd64a0f4a9f2a4b5d9b1b8af7a04563f3723209f00c255fda5b3eeb7e1?s=96&d=mm&r=g\",\"url\":\"https:\\\/\\\/secure.gravatar.com\\\/avatar\\\/eb2ecddd64a0f4a9f2a4b5d9b1b8af7a04563f3723209f00c255fda5b3eeb7e1?s=96&d=mm&r=g\",\"contentUrl\":\"https:\\\/\\\/secure.gravatar.com\\\/avatar\\\/eb2ecddd64a0f4a9f2a4b5d9b1b8af7a04563f3723209f00c255fda5b3eeb7e1?s=96&d=mm&r=g\",\"caption\":\"Soho Aquitaine\"},\"sameAs\":[\"https:\\\/\\\/soho-aquitaine.com\\\/\"],\"url\":\"https:\\\/\\\/soho-aquitaine.com\\\/en\\\/author\\\/jc-chb\\\/\"}]}<\/script>\n<!-- \/ Yoast SEO plugin. -->","yoast_head_json":{"title":"Complexe commercial des 3 Vall\u00e9es - Creysse (24) - SOHO Aquitaine","robots":{"index":"index","follow":"follow","max-snippet":"max-snippet:-1","max-image-preview":"max-image-preview:large","max-video-preview":"max-video-preview:-1"},"canonical":"https:\/\/soho-aquitaine.com\/en\/complexe-commercial-des-3-vallees\/","og_locale":"en_US","og_type":"article","og_title":"Complexe commercial des 3 Vall\u00e9es - Creysse (24) - SOHO Aquitaine","og_description":"R\u00e9alisation d\u2019un p\u00f4le commercial \u00e0 l\u2019\u00e9chelle de la communaut\u00e9 de communes du Bergeracois. Des espaces et des offres mis en coh\u00e9rence avec la collectivit\u00e9 en mati\u00e8re d\u2019am\u00e9nagement, de d\u00e9veloppement durable et de Haute Qualit\u00e9 Environnementale recherch\u00e9e. L\u2019ensemble se d\u00e9ploie sur un terrain de plus de 130 000 m1. \u00c0 ce jour, le complexe s\u2019articule autour [&hellip;]","og_url":"https:\/\/soho-aquitaine.com\/en\/complexe-commercial-des-3-vallees\/","og_site_name":"SOHO Aquitaine","article_published_time":"2025-10-28T10:15:44+00:00","article_modified_time":"2026-01-14T15:19:37+00:00","og_image":[{"width":2560,"height":1304,"url":"https:\/\/soho-aquitaine.com\/wp-content\/uploads\/2025\/10\/creysse2-3V-scaled.webp","type":"image\/webp"}],"author":"Soho Aquitaine","twitter_card":"summary_large_image","twitter_misc":{"Written by":"Soho Aquitaine","Est. reading time":"1 minute"},"schema":{"@context":"https:\/\/schema.org","@graph":[{"@type":"Article","@id":"https:\/\/soho-aquitaine.com\/complexe-commercial-des-3-vallees\/#article","isPartOf":{"@id":"https:\/\/soho-aquitaine.com\/complexe-commercial-des-3-vallees\/"},"author":{"name":"Soho Aquitaine","@id":"https:\/\/soho-aquitaine.com\/#\/schema\/person\/2e509e1c4f4f79af2053b91516a8a10b"},"headline":"Complexe commercial des 3 Vall\u00e9es &#8211; Creysse (24)","datePublished":"2025-10-28T10:15:44+00:00","dateModified":"2026-01-14T15:19:37+00:00","mainEntityOfPage":{"@id":"https:\/\/soho-aquitaine.com\/complexe-commercial-des-3-vallees\/"},"wordCount":126,"publisher":{"@id":"https:\/\/soho-aquitaine.com\/#organization"},"image":{"@id":"https:\/\/soho-aquitaine.com\/complexe-commercial-des-3-vallees\/#primaryimage"},"thumbnailUrl":"https:\/\/soho-aquitaine.com\/wp-content\/uploads\/2025\/10\/creysse2-3V-scaled.webp","articleSection":["Retail"],"inLanguage":"en-US"},{"@type":"WebPage","@id":"https:\/\/soho-aquitaine.com\/complexe-commercial-des-3-vallees\/","url":"https:\/\/soho-aquitaine.com\/complexe-commercial-des-3-vallees\/","name":"Complexe commercial des 3 Vall\u00e9es - Creysse (24) - SOHO Aquitaine","isPartOf":{"@id":"https:\/\/soho-aquitaine.com\/#website"},"primaryImageOfPage":{"@id":"https:\/\/soho-aquitaine.com\/complexe-commercial-des-3-vallees\/#primaryimage"},"image":{"@id":"https:\/\/soho-aquitaine.com\/complexe-commercial-des-3-vallees\/#primaryimage"},"thumbnailUrl":"https:\/\/soho-aquitaine.com\/wp-content\/uploads\/2025\/10\/creysse2-3V-scaled.webp","datePublished":"2025-10-28T10:15:44+00:00","dateModified":"2026-01-14T15:19:37+00:00","breadcrumb":{"@id":"https:\/\/soho-aquitaine.com\/complexe-commercial-des-3-vallees\/#breadcrumb"},"inLanguage":"en-US","potentialAction":[{"@type":"ReadAction","target":["https:\/\/soho-aquitaine.com\/complexe-commercial-des-3-vallees\/"]}]},{"@type":"ImageObject","inLanguage":"en-US","@id":"https:\/\/soho-aquitaine.com\/complexe-commercial-des-3-vallees\/#primaryimage","url":"https:\/\/soho-aquitaine.com\/wp-content\/uploads\/2025\/10\/creysse2-3V-scaled.webp","contentUrl":"https:\/\/soho-aquitaine.com\/wp-content\/uploads\/2025\/10\/creysse2-3V-scaled.webp","width":2560,"height":1304},{"@type":"BreadcrumbList","@id":"https:\/\/soho-aquitaine.com\/complexe-commercial-des-3-vallees\/#breadcrumb","itemListElement":[{"@type":"ListItem","position":1,"name":"Accueil","item":"https:\/\/soho-aquitaine.com\/"},{"@type":"ListItem","position":2,"name":"Complexe commercial des 3 Vall\u00e9es &#8211; Creysse (24)"}]},{"@type":"WebSite","@id":"https:\/\/soho-aquitaine.com\/#website","url":"https:\/\/soho-aquitaine.com\/","name":"SOHO Aquitaine","description":"","publisher":{"@id":"https:\/\/soho-aquitaine.com\/#organization"},"potentialAction":[{"@type":"SearchAction","target":{"@type":"EntryPoint","urlTemplate":"https:\/\/soho-aquitaine.com\/?s={search_term_string}"},"query-input":{"@type":"PropertyValueSpecification","valueRequired":true,"valueName":"search_term_string"}}],"inLanguage":"en-US"},{"@type":"Organization","@id":"https:\/\/soho-aquitaine.com\/#organization","name":"SOHO Aquitaine","url":"https:\/\/soho-aquitaine.com\/","logo":{"@type":"ImageObject","inLanguage":"en-US","@id":"https:\/\/soho-aquitaine.com\/#\/schema\/logo\/image\/","url":"https:\/\/soho-aquitaine.com\/wp-content\/uploads\/2025\/10\/LOGO-NB-SOHO-AQUITAINE.jpg","contentUrl":"https:\/\/soho-aquitaine.com\/wp-content\/uploads\/2025\/10\/LOGO-NB-SOHO-AQUITAINE.jpg","width":928,"height":478,"caption":"SOHO Aquitaine"},"image":{"@id":"https:\/\/soho-aquitaine.com\/#\/schema\/logo\/image\/"},"sameAs":["https:\/\/www.linkedin.com\/company\/soho-aquitaine\/","https:\/\/www.instagram.com\/soho_archi\/","https:\/\/www.youtube.com\/@soho_archi"]},{"@type":"Person","@id":"https:\/\/soho-aquitaine.com\/#\/schema\/person\/2e509e1c4f4f79af2053b91516a8a10b","name":"Soho Aquitaine","image":{"@type":"ImageObject","inLanguage":"en-US","@id":"https:\/\/secure.gravatar.com\/avatar\/eb2ecddd64a0f4a9f2a4b5d9b1b8af7a04563f3723209f00c255fda5b3eeb7e1?s=96&d=mm&r=g","url":"https:\/\/secure.gravatar.com\/avatar\/eb2ecddd64a0f4a9f2a4b5d9b1b8af7a04563f3723209f00c255fda5b3eeb7e1?s=96&d=mm&r=g","contentUrl":"https:\/\/secure.gravatar.com\/avatar\/eb2ecddd64a0f4a9f2a4b5d9b1b8af7a04563f3723209f00c255fda5b3eeb7e1?s=96&d=mm&r=g","caption":"Soho Aquitaine"},"sameAs":["https:\/\/soho-aquitaine.com\/"],"url":"https:\/\/soho-aquitaine.com\/en\/author\/jc-chb\/"}]}},"_links":{"self":[{"href":"https:\/\/soho-aquitaine.com\/en\/wp-json\/wp\/v2\/posts\/2426","targetHints":{"allow":["GET"]}}],"collection":[{"href":"https:\/\/soho-aquitaine.com\/en\/wp-json\/wp\/v2\/posts"}],"about":[{"href":"https:\/\/soho-aquitaine.com\/en\/wp-json\/wp\/v2\/types\/post"}],"author":[{"embeddable":true,"href":"https:\/\/soho-aquitaine.com\/en\/wp-json\/wp\/v2\/users\/4"}],"replies":[{"embeddable":true,"href":"https:\/\/soho-aquitaine.com\/en\/wp-json\/wp\/v2\/comments?post=2426"}],"version-history":[{"count":5,"href":"https:\/\/soho-aquitaine.com\/en\/wp-json\/wp\/v2\/posts\/2426\/revisions"}],"predecessor-version":[{"id":2934,"href":"https:\/\/soho-aquitaine.com\/en\/wp-json\/wp\/v2\/posts\/2426\/revisions\/2934"}],"wp:featuredmedia":[{"embeddable":true,"href":"https:\/\/soho-aquitaine.com\/en\/wp-json\/wp\/v2\/media\/2428"}],"wp:attachment":[{"href":"https:\/\/soho-aquitaine.com\/en\/wp-json\/wp\/v2\/media?parent=2426"}],"wp:term":[{"taxonomy":"category","embeddable":true,"href":"https:\/\/soho-aquitaine.com\/en\/wp-json\/wp\/v2\/categories?post=2426"},{"taxonomy":"post_tag","embeddable":true,"href":"https:\/\/soho-aquitaine.com\/en\/wp-json\/wp\/v2\/tags?post=2426"}],"curies":[{"name":"wp","href":"https:\/\/api.w.org\/{rel}","templated":true}]}}