{"id":2588,"date":"2025-10-28T15:52:34","date_gmt":"2025-10-28T15:52:34","guid":{"rendered":"https:\/\/soho.ceweb-group.eu\/?p=2588"},"modified":"2025-12-31T17:20:37","modified_gmt":"2025-12-31T17:20:37","slug":"jardin-de-maylis","status":"publish","type":"post","link":"https:\/\/soho-aquitaine.com\/en\/jardin-de-maylis\/","title":{"rendered":"Jardins de Maylis &#8211; Mimizan (40)"},"content":{"rendered":"<figure class=\"wp-block-gallery has-nested-images columns-default is-cropped wp-block-gallery-1 is-layout-flex wp-block-gallery-is-layout-flex\">\n<figure class=\"wp-block-image size-large\"><img fetchpriority=\"high\" decoding=\"async\" width=\"1024\" height=\"682\" data-id=\"2589\" src=\"https:\/\/soho.ceweb-group.eu\/wp-content\/uploads\/2025\/10\/mimizan-galand-maylis-1-1024x682.webp\" alt=\"\" class=\"wp-image-2589\" srcset=\"https:\/\/soho-aquitaine.com\/wp-content\/uploads\/2025\/10\/mimizan-galand-maylis-1-1024x682.webp 1024w, https:\/\/soho-aquitaine.com\/wp-content\/uploads\/2025\/10\/mimizan-galand-maylis-1-300x200.webp 300w, https:\/\/soho-aquitaine.com\/wp-content\/uploads\/2025\/10\/mimizan-galand-maylis-1-768x511.webp 768w, https:\/\/soho-aquitaine.com\/wp-content\/uploads\/2025\/10\/mimizan-galand-maylis-1-1536x1023.webp 1536w, https:\/\/soho-aquitaine.com\/wp-content\/uploads\/2025\/10\/mimizan-galand-maylis-1-18x12.webp 18w, https:\/\/soho-aquitaine.com\/wp-content\/uploads\/2025\/10\/mimizan-galand-maylis-1.webp 2000w\" sizes=\"(max-width: 1024px) 100vw, 1024px\" \/><\/figure>\n\n\n\n<figure class=\"wp-block-image size-large\"><img decoding=\"async\" width=\"1024\" height=\"760\" data-id=\"2590\" src=\"https:\/\/soho.ceweb-group.eu\/wp-content\/uploads\/2025\/10\/mimizan-galand-maylis-2-1024x760.webp\" alt=\"\" class=\"wp-image-2590\" srcset=\"https:\/\/soho-aquitaine.com\/wp-content\/uploads\/2025\/10\/mimizan-galand-maylis-2-1024x760.webp 1024w, https:\/\/soho-aquitaine.com\/wp-content\/uploads\/2025\/10\/mimizan-galand-maylis-2-300x223.webp 300w, https:\/\/soho-aquitaine.com\/wp-content\/uploads\/2025\/10\/mimizan-galand-maylis-2-768x570.webp 768w, https:\/\/soho-aquitaine.com\/wp-content\/uploads\/2025\/10\/mimizan-galand-maylis-2-1536x1140.webp 1536w, https:\/\/soho-aquitaine.com\/wp-content\/uploads\/2025\/10\/mimizan-galand-maylis-2-16x12.webp 16w, https:\/\/soho-aquitaine.com\/wp-content\/uploads\/2025\/10\/mimizan-galand-maylis-2.webp 2000w\" sizes=\"(max-width: 1024px) 100vw, 1024px\" \/><\/figure>\n\n\n\n<figure class=\"wp-block-image size-large\"><img decoding=\"async\" width=\"1024\" height=\"760\" data-id=\"2591\" src=\"https:\/\/soho.ceweb-group.eu\/wp-content\/uploads\/2025\/10\/mimizan-galand-maylis-4-1024x760.webp\" alt=\"\" class=\"wp-image-2591\" srcset=\"https:\/\/soho-aquitaine.com\/wp-content\/uploads\/2025\/10\/mimizan-galand-maylis-4-1024x760.webp 1024w, https:\/\/soho-aquitaine.com\/wp-content\/uploads\/2025\/10\/mimizan-galand-maylis-4-300x223.webp 300w, https:\/\/soho-aquitaine.com\/wp-content\/uploads\/2025\/10\/mimizan-galand-maylis-4-768x570.webp 768w, https:\/\/soho-aquitaine.com\/wp-content\/uploads\/2025\/10\/mimizan-galand-maylis-4-1536x1140.webp 1536w, https:\/\/soho-aquitaine.com\/wp-content\/uploads\/2025\/10\/mimizan-galand-maylis-4-16x12.webp 16w, https:\/\/soho-aquitaine.com\/wp-content\/uploads\/2025\/10\/mimizan-galand-maylis-4.webp 2000w\" sizes=\"(max-width: 1024px) 100vw, 1024px\" \/><\/figure>\n<\/figure>\n\n\n\n<p>Les Jardins de Maylis est un projet compos\u00e9 d\u2019appartements T1 (91) et T2 (14), d\u00e9di\u00e9s aux seniors. Dans un p\u00e9rim\u00e8tre historique fort, nourris par la pr\u00e9sence de l\u2019ancienne \u00e9glise Sainte-Marie et de son presbyt\u00e8re, le projet s&rsquo;abreuve des illustrations vernaculaires dont l&rsquo;architecture traditionnelle landaise regorge. L\u2019identit\u00e9 rurale, mais aussi locale du lieu, est ainsi pr\u00e9serv\u00e9e. Lac, oc\u00e9an et pin\u00e8de sont aussi convoqu\u00e9s \u2014 mais au jardin cette fois. C\u2019est cette nature omnipr\u00e9sente qui r\u00e9appara\u00eet en c\u0153ur d\u2019\u00eelot, dans ce clo\u00eetre dont le projet se pare.<\/p>\n\n\n\n<figure class=\"wp-block-image size-large\"><img loading=\"lazy\" decoding=\"async\" width=\"1024\" height=\"822\" src=\"https:\/\/soho.ceweb-group.eu\/wp-content\/uploads\/2025\/10\/mimizan-galand-maylis-5-1024x822.webp\" alt=\"\" class=\"wp-image-2592\" srcset=\"https:\/\/soho-aquitaine.com\/wp-content\/uploads\/2025\/10\/mimizan-galand-maylis-5-1024x822.webp 1024w, https:\/\/soho-aquitaine.com\/wp-content\/uploads\/2025\/10\/mimizan-galand-maylis-5-300x241.webp 300w, https:\/\/soho-aquitaine.com\/wp-content\/uploads\/2025\/10\/mimizan-galand-maylis-5-768x617.webp 768w, https:\/\/soho-aquitaine.com\/wp-content\/uploads\/2025\/10\/mimizan-galand-maylis-5-1536x1233.webp 1536w, https:\/\/soho-aquitaine.com\/wp-content\/uploads\/2025\/10\/mimizan-galand-maylis-5-2048x1644.webp 2048w, https:\/\/soho-aquitaine.com\/wp-content\/uploads\/2025\/10\/mimizan-galand-maylis-5-15x12.webp 15w\" sizes=\"(max-width: 1024px) 100vw, 1024px\" \/><\/figure>","protected":false},"excerpt":{"rendered":"<p>Les Jardins de Maylis est un projet compos\u00e9 d\u2019appartements T1 (91) et T2 (14), d\u00e9di\u00e9s aux seniors. Dans un p\u00e9rim\u00e8tre historique fort, nourris par la pr\u00e9sence de l\u2019ancienne \u00e9glise Sainte-Marie et de son presbyt\u00e8re, le projet s&rsquo;abreuve des illustrations vernaculaires dont l&rsquo;architecture traditionnelle landaise regorge. L\u2019identit\u00e9 rurale, mais aussi locale du lieu, est ainsi pr\u00e9serv\u00e9e. [&hellip;]<\/p>\n","protected":false},"author":4,"featured_media":2590,"comment_status":"closed","ping_status":"closed","sticky":false,"template":"","format":"standard","meta":{"_acf_changed":false,"footnotes":""},"categories":[25],"tags":[],"class_list":["post-2588","post","type-post","status-publish","format-standard","has-post-thumbnail","hentry","category-residences-gerees"],"blocksy_meta":[],"acf":[],"yoast_head":"<!-- This site is optimized with the Yoast SEO plugin v27.5 - https:\/\/yoast.com\/product\/yoast-seo-wordpress\/ -->\n<title>Jardins de Maylis - Mimizan (40) - SOHO Aquitaine<\/title>\n<meta name=\"robots\" content=\"index, follow, max-snippet:-1, max-image-preview:large, max-video-preview:-1\" \/>\n<link rel=\"canonical\" href=\"https:\/\/soho-aquitaine.com\/en\/jardin-de-maylis\/\" \/>\n<meta property=\"og:locale\" content=\"en_US\" \/>\n<meta property=\"og:type\" content=\"article\" \/>\n<meta property=\"og:title\" content=\"Jardins de Maylis - Mimizan (40) - SOHO Aquitaine\" \/>\n<meta property=\"og:description\" content=\"Les Jardins de Maylis est un projet compos\u00e9 d\u2019appartements T1 (91) et T2 (14), d\u00e9di\u00e9s aux seniors. Dans un p\u00e9rim\u00e8tre historique fort, nourris par la pr\u00e9sence de l\u2019ancienne \u00e9glise Sainte-Marie et de son presbyt\u00e8re, le projet s&rsquo;abreuve des illustrations vernaculaires dont l&rsquo;architecture traditionnelle landaise regorge. L\u2019identit\u00e9 rurale, mais aussi locale du lieu, est ainsi pr\u00e9serv\u00e9e. [&hellip;]\" \/>\n<meta property=\"og:url\" content=\"https:\/\/soho-aquitaine.com\/en\/jardin-de-maylis\/\" \/>\n<meta property=\"og:site_name\" content=\"SOHO Aquitaine\" \/>\n<meta property=\"article:published_time\" content=\"2025-10-28T15:52:34+00:00\" \/>\n<meta property=\"article:modified_time\" content=\"2025-12-31T17:20:37+00:00\" \/>\n<meta property=\"og:image\" content=\"https:\/\/soho-aquitaine.com\/wp-content\/uploads\/2025\/10\/mimizan-galand-maylis-2.webp\" \/>\n\t<meta property=\"og:image:width\" content=\"2000\" \/>\n\t<meta property=\"og:image:height\" content=\"1484\" \/>\n\t<meta property=\"og:image:type\" content=\"image\/webp\" \/>\n<meta name=\"author\" content=\"Soho Aquitaine\" \/>\n<meta name=\"twitter:card\" content=\"summary_large_image\" \/>\n<meta name=\"twitter:label1\" content=\"Written by\" \/>\n\t<meta name=\"twitter:data1\" content=\"Soho Aquitaine\" \/>\n\t<meta name=\"twitter:label2\" content=\"Est. reading time\" \/>\n\t<meta name=\"twitter:data2\" content=\"1 minute\" \/>\n<script type=\"application\/ld+json\" class=\"yoast-schema-graph\">{\"@context\":\"https:\\\/\\\/schema.org\",\"@graph\":[{\"@type\":\"Article\",\"@id\":\"https:\\\/\\\/soho-aquitaine.com\\\/jardin-de-maylis\\\/#article\",\"isPartOf\":{\"@id\":\"https:\\\/\\\/soho-aquitaine.com\\\/jardin-de-maylis\\\/\"},\"author\":{\"name\":\"Soho Aquitaine\",\"@id\":\"https:\\\/\\\/soho-aquitaine.com\\\/#\\\/schema\\\/person\\\/2e509e1c4f4f79af2053b91516a8a10b\"},\"headline\":\"Jardins de Maylis &#8211; Mimizan (40)\",\"datePublished\":\"2025-10-28T15:52:34+00:00\",\"dateModified\":\"2025-12-31T17:20:37+00:00\",\"mainEntityOfPage\":{\"@id\":\"https:\\\/\\\/soho-aquitaine.com\\\/jardin-de-maylis\\\/\"},\"wordCount\":110,\"publisher\":{\"@id\":\"https:\\\/\\\/soho-aquitaine.com\\\/#organization\"},\"image\":{\"@id\":\"https:\\\/\\\/soho-aquitaine.com\\\/jardin-de-maylis\\\/#primaryimage\"},\"thumbnailUrl\":\"https:\\\/\\\/soho-aquitaine.com\\\/wp-content\\\/uploads\\\/2025\\\/10\\\/mimizan-galand-maylis-2.webp\",\"articleSection\":[\"R\u00e9sidences g\u00e9r\u00e9es\"],\"inLanguage\":\"en-US\"},{\"@type\":\"WebPage\",\"@id\":\"https:\\\/\\\/soho-aquitaine.com\\\/jardin-de-maylis\\\/\",\"url\":\"https:\\\/\\\/soho-aquitaine.com\\\/jardin-de-maylis\\\/\",\"name\":\"Jardins de Maylis - Mimizan (40) - SOHO Aquitaine\",\"isPartOf\":{\"@id\":\"https:\\\/\\\/soho-aquitaine.com\\\/#website\"},\"primaryImageOfPage\":{\"@id\":\"https:\\\/\\\/soho-aquitaine.com\\\/jardin-de-maylis\\\/#primaryimage\"},\"image\":{\"@id\":\"https:\\\/\\\/soho-aquitaine.com\\\/jardin-de-maylis\\\/#primaryimage\"},\"thumbnailUrl\":\"https:\\\/\\\/soho-aquitaine.com\\\/wp-content\\\/uploads\\\/2025\\\/10\\\/mimizan-galand-maylis-2.webp\",\"datePublished\":\"2025-10-28T15:52:34+00:00\",\"dateModified\":\"2025-12-31T17:20:37+00:00\",\"breadcrumb\":{\"@id\":\"https:\\\/\\\/soho-aquitaine.com\\\/jardin-de-maylis\\\/#breadcrumb\"},\"inLanguage\":\"en-US\",\"potentialAction\":[{\"@type\":\"ReadAction\",\"target\":[\"https:\\\/\\\/soho-aquitaine.com\\\/jardin-de-maylis\\\/\"]}]},{\"@type\":\"ImageObject\",\"inLanguage\":\"en-US\",\"@id\":\"https:\\\/\\\/soho-aquitaine.com\\\/jardin-de-maylis\\\/#primaryimage\",\"url\":\"https:\\\/\\\/soho-aquitaine.com\\\/wp-content\\\/uploads\\\/2025\\\/10\\\/mimizan-galand-maylis-2.webp\",\"contentUrl\":\"https:\\\/\\\/soho-aquitaine.com\\\/wp-content\\\/uploads\\\/2025\\\/10\\\/mimizan-galand-maylis-2.webp\",\"width\":2000,\"height\":1484},{\"@type\":\"BreadcrumbList\",\"@id\":\"https:\\\/\\\/soho-aquitaine.com\\\/jardin-de-maylis\\\/#breadcrumb\",\"itemListElement\":[{\"@type\":\"ListItem\",\"position\":1,\"name\":\"Accueil\",\"item\":\"https:\\\/\\\/soho-aquitaine.com\\\/\"},{\"@type\":\"ListItem\",\"position\":2,\"name\":\"Jardins de Maylis &#8211; Mimizan (40)\"}]},{\"@type\":\"WebSite\",\"@id\":\"https:\\\/\\\/soho-aquitaine.com\\\/#website\",\"url\":\"https:\\\/\\\/soho-aquitaine.com\\\/\",\"name\":\"SOHO Aquitaine\",\"description\":\"\",\"publisher\":{\"@id\":\"https:\\\/\\\/soho-aquitaine.com\\\/#organization\"},\"potentialAction\":[{\"@type\":\"SearchAction\",\"target\":{\"@type\":\"EntryPoint\",\"urlTemplate\":\"https:\\\/\\\/soho-aquitaine.com\\\/?s={search_term_string}\"},\"query-input\":{\"@type\":\"PropertyValueSpecification\",\"valueRequired\":true,\"valueName\":\"search_term_string\"}}],\"inLanguage\":\"en-US\"},{\"@type\":\"Organization\",\"@id\":\"https:\\\/\\\/soho-aquitaine.com\\\/#organization\",\"name\":\"SOHO Aquitaine\",\"url\":\"https:\\\/\\\/soho-aquitaine.com\\\/\",\"logo\":{\"@type\":\"ImageObject\",\"inLanguage\":\"en-US\",\"@id\":\"https:\\\/\\\/soho-aquitaine.com\\\/#\\\/schema\\\/logo\\\/image\\\/\",\"url\":\"https:\\\/\\\/soho-aquitaine.com\\\/wp-content\\\/uploads\\\/2025\\\/10\\\/LOGO-NB-SOHO-AQUITAINE.jpg\",\"contentUrl\":\"https:\\\/\\\/soho-aquitaine.com\\\/wp-content\\\/uploads\\\/2025\\\/10\\\/LOGO-NB-SOHO-AQUITAINE.jpg\",\"width\":928,\"height\":478,\"caption\":\"SOHO Aquitaine\"},\"image\":{\"@id\":\"https:\\\/\\\/soho-aquitaine.com\\\/#\\\/schema\\\/logo\\\/image\\\/\"},\"sameAs\":[\"https:\\\/\\\/www.linkedin.com\\\/company\\\/soho-aquitaine\\\/\",\"https:\\\/\\\/www.instagram.com\\\/soho_archi\\\/\",\"https:\\\/\\\/www.youtube.com\\\/@soho_archi\"]},{\"@type\":\"Person\",\"@id\":\"https:\\\/\\\/soho-aquitaine.com\\\/#\\\/schema\\\/person\\\/2e509e1c4f4f79af2053b91516a8a10b\",\"name\":\"Soho Aquitaine\",\"image\":{\"@type\":\"ImageObject\",\"inLanguage\":\"en-US\",\"@id\":\"https:\\\/\\\/secure.gravatar.com\\\/avatar\\\/eb2ecddd64a0f4a9f2a4b5d9b1b8af7a04563f3723209f00c255fda5b3eeb7e1?s=96&d=mm&r=g\",\"url\":\"https:\\\/\\\/secure.gravatar.com\\\/avatar\\\/eb2ecddd64a0f4a9f2a4b5d9b1b8af7a04563f3723209f00c255fda5b3eeb7e1?s=96&d=mm&r=g\",\"contentUrl\":\"https:\\\/\\\/secure.gravatar.com\\\/avatar\\\/eb2ecddd64a0f4a9f2a4b5d9b1b8af7a04563f3723209f00c255fda5b3eeb7e1?s=96&d=mm&r=g\",\"caption\":\"Soho Aquitaine\"},\"sameAs\":[\"https:\\\/\\\/soho-aquitaine.com\\\/\"],\"url\":\"https:\\\/\\\/soho-aquitaine.com\\\/en\\\/author\\\/jc-chb\\\/\"}]}<\/script>\n<!-- \/ Yoast SEO plugin. -->","yoast_head_json":{"title":"Jardins de Maylis - Mimizan (40) - SOHO Aquitaine","robots":{"index":"index","follow":"follow","max-snippet":"max-snippet:-1","max-image-preview":"max-image-preview:large","max-video-preview":"max-video-preview:-1"},"canonical":"https:\/\/soho-aquitaine.com\/en\/jardin-de-maylis\/","og_locale":"en_US","og_type":"article","og_title":"Jardins de Maylis - Mimizan (40) - SOHO Aquitaine","og_description":"Les Jardins de Maylis est un projet compos\u00e9 d\u2019appartements T1 (91) et T2 (14), d\u00e9di\u00e9s aux seniors. Dans un p\u00e9rim\u00e8tre historique fort, nourris par la pr\u00e9sence de l\u2019ancienne \u00e9glise Sainte-Marie et de son presbyt\u00e8re, le projet s&rsquo;abreuve des illustrations vernaculaires dont l&rsquo;architecture traditionnelle landaise regorge. L\u2019identit\u00e9 rurale, mais aussi locale du lieu, est ainsi pr\u00e9serv\u00e9e. [&hellip;]","og_url":"https:\/\/soho-aquitaine.com\/en\/jardin-de-maylis\/","og_site_name":"SOHO Aquitaine","article_published_time":"2025-10-28T15:52:34+00:00","article_modified_time":"2025-12-31T17:20:37+00:00","og_image":[{"width":2000,"height":1484,"url":"https:\/\/soho-aquitaine.com\/wp-content\/uploads\/2025\/10\/mimizan-galand-maylis-2.webp","type":"image\/webp"}],"author":"Soho Aquitaine","twitter_card":"summary_large_image","twitter_misc":{"Written by":"Soho Aquitaine","Est. reading time":"1 minute"},"schema":{"@context":"https:\/\/schema.org","@graph":[{"@type":"Article","@id":"https:\/\/soho-aquitaine.com\/jardin-de-maylis\/#article","isPartOf":{"@id":"https:\/\/soho-aquitaine.com\/jardin-de-maylis\/"},"author":{"name":"Soho Aquitaine","@id":"https:\/\/soho-aquitaine.com\/#\/schema\/person\/2e509e1c4f4f79af2053b91516a8a10b"},"headline":"Jardins de Maylis &#8211; Mimizan (40)","datePublished":"2025-10-28T15:52:34+00:00","dateModified":"2025-12-31T17:20:37+00:00","mainEntityOfPage":{"@id":"https:\/\/soho-aquitaine.com\/jardin-de-maylis\/"},"wordCount":110,"publisher":{"@id":"https:\/\/soho-aquitaine.com\/#organization"},"image":{"@id":"https:\/\/soho-aquitaine.com\/jardin-de-maylis\/#primaryimage"},"thumbnailUrl":"https:\/\/soho-aquitaine.com\/wp-content\/uploads\/2025\/10\/mimizan-galand-maylis-2.webp","articleSection":["R\u00e9sidences g\u00e9r\u00e9es"],"inLanguage":"en-US"},{"@type":"WebPage","@id":"https:\/\/soho-aquitaine.com\/jardin-de-maylis\/","url":"https:\/\/soho-aquitaine.com\/jardin-de-maylis\/","name":"Jardins de Maylis - Mimizan (40) - SOHO Aquitaine","isPartOf":{"@id":"https:\/\/soho-aquitaine.com\/#website"},"primaryImageOfPage":{"@id":"https:\/\/soho-aquitaine.com\/jardin-de-maylis\/#primaryimage"},"image":{"@id":"https:\/\/soho-aquitaine.com\/jardin-de-maylis\/#primaryimage"},"thumbnailUrl":"https:\/\/soho-aquitaine.com\/wp-content\/uploads\/2025\/10\/mimizan-galand-maylis-2.webp","datePublished":"2025-10-28T15:52:34+00:00","dateModified":"2025-12-31T17:20:37+00:00","breadcrumb":{"@id":"https:\/\/soho-aquitaine.com\/jardin-de-maylis\/#breadcrumb"},"inLanguage":"en-US","potentialAction":[{"@type":"ReadAction","target":["https:\/\/soho-aquitaine.com\/jardin-de-maylis\/"]}]},{"@type":"ImageObject","inLanguage":"en-US","@id":"https:\/\/soho-aquitaine.com\/jardin-de-maylis\/#primaryimage","url":"https:\/\/soho-aquitaine.com\/wp-content\/uploads\/2025\/10\/mimizan-galand-maylis-2.webp","contentUrl":"https:\/\/soho-aquitaine.com\/wp-content\/uploads\/2025\/10\/mimizan-galand-maylis-2.webp","width":2000,"height":1484},{"@type":"BreadcrumbList","@id":"https:\/\/soho-aquitaine.com\/jardin-de-maylis\/#breadcrumb","itemListElement":[{"@type":"ListItem","position":1,"name":"Accueil","item":"https:\/\/soho-aquitaine.com\/"},{"@type":"ListItem","position":2,"name":"Jardins de Maylis &#8211; Mimizan (40)"}]},{"@type":"WebSite","@id":"https:\/\/soho-aquitaine.com\/#website","url":"https:\/\/soho-aquitaine.com\/","name":"SOHO Aquitaine","description":"","publisher":{"@id":"https:\/\/soho-aquitaine.com\/#organization"},"potentialAction":[{"@type":"SearchAction","target":{"@type":"EntryPoint","urlTemplate":"https:\/\/soho-aquitaine.com\/?s={search_term_string}"},"query-input":{"@type":"PropertyValueSpecification","valueRequired":true,"valueName":"search_term_string"}}],"inLanguage":"en-US"},{"@type":"Organization","@id":"https:\/\/soho-aquitaine.com\/#organization","name":"SOHO Aquitaine","url":"https:\/\/soho-aquitaine.com\/","logo":{"@type":"ImageObject","inLanguage":"en-US","@id":"https:\/\/soho-aquitaine.com\/#\/schema\/logo\/image\/","url":"https:\/\/soho-aquitaine.com\/wp-content\/uploads\/2025\/10\/LOGO-NB-SOHO-AQUITAINE.jpg","contentUrl":"https:\/\/soho-aquitaine.com\/wp-content\/uploads\/2025\/10\/LOGO-NB-SOHO-AQUITAINE.jpg","width":928,"height":478,"caption":"SOHO Aquitaine"},"image":{"@id":"https:\/\/soho-aquitaine.com\/#\/schema\/logo\/image\/"},"sameAs":["https:\/\/www.linkedin.com\/company\/soho-aquitaine\/","https:\/\/www.instagram.com\/soho_archi\/","https:\/\/www.youtube.com\/@soho_archi"]},{"@type":"Person","@id":"https:\/\/soho-aquitaine.com\/#\/schema\/person\/2e509e1c4f4f79af2053b91516a8a10b","name":"Soho Aquitaine","image":{"@type":"ImageObject","inLanguage":"en-US","@id":"https:\/\/secure.gravatar.com\/avatar\/eb2ecddd64a0f4a9f2a4b5d9b1b8af7a04563f3723209f00c255fda5b3eeb7e1?s=96&d=mm&r=g","url":"https:\/\/secure.gravatar.com\/avatar\/eb2ecddd64a0f4a9f2a4b5d9b1b8af7a04563f3723209f00c255fda5b3eeb7e1?s=96&d=mm&r=g","contentUrl":"https:\/\/secure.gravatar.com\/avatar\/eb2ecddd64a0f4a9f2a4b5d9b1b8af7a04563f3723209f00c255fda5b3eeb7e1?s=96&d=mm&r=g","caption":"Soho Aquitaine"},"sameAs":["https:\/\/soho-aquitaine.com\/"],"url":"https:\/\/soho-aquitaine.com\/en\/author\/jc-chb\/"}]}},"_links":{"self":[{"href":"https:\/\/soho-aquitaine.com\/en\/wp-json\/wp\/v2\/posts\/2588","targetHints":{"allow":["GET"]}}],"collection":[{"href":"https:\/\/soho-aquitaine.com\/en\/wp-json\/wp\/v2\/posts"}],"about":[{"href":"https:\/\/soho-aquitaine.com\/en\/wp-json\/wp\/v2\/types\/post"}],"author":[{"embeddable":true,"href":"https:\/\/soho-aquitaine.com\/en\/wp-json\/wp\/v2\/users\/4"}],"replies":[{"embeddable":true,"href":"https:\/\/soho-aquitaine.com\/en\/wp-json\/wp\/v2\/comments?post=2588"}],"version-history":[{"count":3,"href":"https:\/\/soho-aquitaine.com\/en\/wp-json\/wp\/v2\/posts\/2588\/revisions"}],"predecessor-version":[{"id":2766,"href":"https:\/\/soho-aquitaine.com\/en\/wp-json\/wp\/v2\/posts\/2588\/revisions\/2766"}],"wp:featuredmedia":[{"embeddable":true,"href":"https:\/\/soho-aquitaine.com\/en\/wp-json\/wp\/v2\/media\/2590"}],"wp:attachment":[{"href":"https:\/\/soho-aquitaine.com\/en\/wp-json\/wp\/v2\/media?parent=2588"}],"wp:term":[{"taxonomy":"category","embeddable":true,"href":"https:\/\/soho-aquitaine.com\/en\/wp-json\/wp\/v2\/categories?post=2588"},{"taxonomy":"post_tag","embeddable":true,"href":"https:\/\/soho-aquitaine.com\/en\/wp-json\/wp\/v2\/tags?post=2588"}],"curies":[{"name":"wp","href":"https:\/\/api.w.org\/{rel}","templated":true}]}}