{"id":2815,"date":"2026-01-07T09:05:44","date_gmt":"2026-01-07T09:05:44","guid":{"rendered":"https:\/\/soho.ceweb-group.eu\/?p=2815"},"modified":"2026-01-07T09:07:01","modified_gmt":"2026-01-07T09:07:01","slug":"0-template-projet-3","status":"publish","type":"post","link":"https:\/\/soho-aquitaine.com\/en\/0-template-projet-3\/","title":{"rendered":"Aire du Pays de Brive &#8211; Saint-Pantal\u00e9on-de-Larche (19)"},"content":{"rendered":"<figure class=\"wp-block-gallery has-nested-images columns-default is-cropped wp-block-gallery-1 is-layout-flex wp-block-gallery-is-layout-flex\">\n<figure class=\"wp-block-image size-large\"><img fetchpriority=\"high\" decoding=\"async\" width=\"1024\" height=\"683\" data-id=\"2820\" src=\"https:\/\/soho.ceweb-group.eu\/wp-content\/uploads\/2026\/01\/brive-aireA89-photo-5-1024x683.webp\" alt=\"\" class=\"wp-image-2820\" srcset=\"https:\/\/soho-aquitaine.com\/wp-content\/uploads\/2026\/01\/brive-aireA89-photo-5-1024x683.webp 1024w, https:\/\/soho-aquitaine.com\/wp-content\/uploads\/2026\/01\/brive-aireA89-photo-5-300x200.webp 300w, https:\/\/soho-aquitaine.com\/wp-content\/uploads\/2026\/01\/brive-aireA89-photo-5-768x512.webp 768w, https:\/\/soho-aquitaine.com\/wp-content\/uploads\/2026\/01\/brive-aireA89-photo-5-1536x1024.webp 1536w, https:\/\/soho-aquitaine.com\/wp-content\/uploads\/2026\/01\/brive-aireA89-photo-5-2048x1366.webp 2048w, https:\/\/soho-aquitaine.com\/wp-content\/uploads\/2026\/01\/brive-aireA89-photo-5-18x12.webp 18w\" sizes=\"(max-width: 1024px) 100vw, 1024px\" \/><\/figure>\n\n\n\n<figure class=\"wp-block-image size-large\"><img decoding=\"async\" width=\"1024\" height=\"683\" data-id=\"2818\" src=\"https:\/\/soho.ceweb-group.eu\/wp-content\/uploads\/2026\/01\/brive-aireA89-photo-3-1024x683.webp\" alt=\"\" class=\"wp-image-2818\" srcset=\"https:\/\/soho-aquitaine.com\/wp-content\/uploads\/2026\/01\/brive-aireA89-photo-3-1024x683.webp 1024w, https:\/\/soho-aquitaine.com\/wp-content\/uploads\/2026\/01\/brive-aireA89-photo-3-300x200.webp 300w, https:\/\/soho-aquitaine.com\/wp-content\/uploads\/2026\/01\/brive-aireA89-photo-3-768x512.webp 768w, https:\/\/soho-aquitaine.com\/wp-content\/uploads\/2026\/01\/brive-aireA89-photo-3-1536x1024.webp 1536w, https:\/\/soho-aquitaine.com\/wp-content\/uploads\/2026\/01\/brive-aireA89-photo-3-2048x1366.webp 2048w, https:\/\/soho-aquitaine.com\/wp-content\/uploads\/2026\/01\/brive-aireA89-photo-3-18x12.webp 18w\" sizes=\"(max-width: 1024px) 100vw, 1024px\" \/><\/figure>\n\n\n\n<figure class=\"wp-block-image size-large\"><img decoding=\"async\" width=\"1024\" height=\"683\" data-id=\"2821\" src=\"https:\/\/soho.ceweb-group.eu\/wp-content\/uploads\/2026\/01\/brive-aireA89-photo-6-1024x683.webp\" alt=\"\" class=\"wp-image-2821\" srcset=\"https:\/\/soho-aquitaine.com\/wp-content\/uploads\/2026\/01\/brive-aireA89-photo-6-1024x683.webp 1024w, https:\/\/soho-aquitaine.com\/wp-content\/uploads\/2026\/01\/brive-aireA89-photo-6-300x200.webp 300w, https:\/\/soho-aquitaine.com\/wp-content\/uploads\/2026\/01\/brive-aireA89-photo-6-768x512.webp 768w, https:\/\/soho-aquitaine.com\/wp-content\/uploads\/2026\/01\/brive-aireA89-photo-6-1536x1024.webp 1536w, https:\/\/soho-aquitaine.com\/wp-content\/uploads\/2026\/01\/brive-aireA89-photo-6-2048x1366.webp 2048w, https:\/\/soho-aquitaine.com\/wp-content\/uploads\/2026\/01\/brive-aireA89-photo-6-18x12.webp 18w\" sizes=\"(max-width: 1024px) 100vw, 1024px\" \/><\/figure>\n\n\n\n<figure class=\"wp-block-image size-large\"><img loading=\"lazy\" decoding=\"async\" width=\"1024\" height=\"683\" data-id=\"2816\" src=\"https:\/\/soho.ceweb-group.eu\/wp-content\/uploads\/2026\/01\/brive-aireA89-photo-1-1024x683.webp\" alt=\"\" class=\"wp-image-2816\" srcset=\"https:\/\/soho-aquitaine.com\/wp-content\/uploads\/2026\/01\/brive-aireA89-photo-1-1024x683.webp 1024w, https:\/\/soho-aquitaine.com\/wp-content\/uploads\/2026\/01\/brive-aireA89-photo-1-300x200.webp 300w, https:\/\/soho-aquitaine.com\/wp-content\/uploads\/2026\/01\/brive-aireA89-photo-1-768x512.webp 768w, https:\/\/soho-aquitaine.com\/wp-content\/uploads\/2026\/01\/brive-aireA89-photo-1-1536x1024.webp 1536w, https:\/\/soho-aquitaine.com\/wp-content\/uploads\/2026\/01\/brive-aireA89-photo-1-2048x1366.webp 2048w, https:\/\/soho-aquitaine.com\/wp-content\/uploads\/2026\/01\/brive-aireA89-photo-1-18x12.webp 18w\" sizes=\"(max-width: 1024px) 100vw, 1024px\" \/><\/figure>\n<\/figure>\n\n\n\n<p>Le projet s\u2019inscrit autant dans une d\u00e9marche de redynamisation du b\u00e2timent existant que des espaces ext\u00e9rieurs. Le territoire corr\u00e9zien ainsi que le site environnant remarquable sont mis en avant dans ce projet. La palette de teintes utilis\u00e9e en fa\u00e7ade, l\u2019ambiance et l\u2019architecture int\u00e9rieure ainsi que l\u2019omnipr\u00e9sence de la construction bois neuve et existante participent \u00e0 cette valorisation. L\u2019intervention sur le b\u00e2timent porte sur une r\u00e9novation lourde des espaces int\u00e9rieurs et des fa\u00e7ades ainsi qu\u2019une extension de 149m\u00b2. L\u2019intervention sur les ext\u00e9rieurs a permis de d\u00e9velopper un concept de village saisonnier qui invite les usagers \u00e0 la pause puis, dans son prolongement une plaine des jeux offre diff\u00e9rents \u00e9quipements de jeux et de d\u00e9tente. Enfin, 4 ombri\u00e8res bois apportent un abri aux usagers et aux voitures sur cette aire ouverte sur son grand paysage.<\/p>\n\n\n\n<figure class=\"wp-block-image size-large\"><img loading=\"lazy\" decoding=\"async\" width=\"1024\" height=\"683\" src=\"https:\/\/soho.ceweb-group.eu\/wp-content\/uploads\/2026\/01\/brive-aireA89-photo-2-1024x683.webp\" alt=\"\" class=\"wp-image-2817\" srcset=\"https:\/\/soho-aquitaine.com\/wp-content\/uploads\/2026\/01\/brive-aireA89-photo-2-1024x683.webp 1024w, https:\/\/soho-aquitaine.com\/wp-content\/uploads\/2026\/01\/brive-aireA89-photo-2-300x200.webp 300w, https:\/\/soho-aquitaine.com\/wp-content\/uploads\/2026\/01\/brive-aireA89-photo-2-768x512.webp 768w, https:\/\/soho-aquitaine.com\/wp-content\/uploads\/2026\/01\/brive-aireA89-photo-2-1536x1024.webp 1536w, https:\/\/soho-aquitaine.com\/wp-content\/uploads\/2026\/01\/brive-aireA89-photo-2-2048x1366.webp 2048w, https:\/\/soho-aquitaine.com\/wp-content\/uploads\/2026\/01\/brive-aireA89-photo-2-18x12.webp 18w\" sizes=\"(max-width: 1024px) 100vw, 1024px\" \/><\/figure>","protected":false},"excerpt":{"rendered":"<p>Le projet s\u2019inscrit autant dans une d\u00e9marche de redynamisation du b\u00e2timent existant que des espaces ext\u00e9rieurs. Le territoire corr\u00e9zien ainsi que le site environnant remarquable sont mis en avant dans ce projet. La palette de teintes utilis\u00e9e en fa\u00e7ade, l\u2019ambiance et l\u2019architecture int\u00e9rieure ainsi que l\u2019omnipr\u00e9sence de la construction bois neuve et existante participent \u00e0 [&hellip;]<\/p>\n","protected":false},"author":4,"featured_media":2817,"comment_status":"closed","ping_status":"closed","sticky":false,"template":"","format":"standard","meta":{"_acf_changed":false,"footnotes":""},"categories":[30,26],"tags":[],"class_list":["post-2815","post","type-post","status-publish","format-standard","has-post-thumbnail","hentry","category-restructuration","category-retail"],"blocksy_meta":[],"acf":[],"yoast_head":"<!-- This site is optimized with the Yoast SEO plugin v27.5 - https:\/\/yoast.com\/product\/yoast-seo-wordpress\/ -->\n<title>Aire du Pays de Brive - Saint-Pantal\u00e9on-de-Larche (19) - SOHO Aquitaine<\/title>\n<meta name=\"robots\" content=\"index, follow, max-snippet:-1, max-image-preview:large, max-video-preview:-1\" \/>\n<link rel=\"canonical\" href=\"https:\/\/soho-aquitaine.com\/en\/0-template-projet-3\/\" \/>\n<meta property=\"og:locale\" content=\"en_US\" \/>\n<meta property=\"og:type\" content=\"article\" \/>\n<meta property=\"og:title\" content=\"Aire du Pays de Brive - Saint-Pantal\u00e9on-de-Larche (19) - SOHO Aquitaine\" \/>\n<meta property=\"og:description\" content=\"Le projet s\u2019inscrit autant dans une d\u00e9marche de redynamisation du b\u00e2timent existant que des espaces ext\u00e9rieurs. Le territoire corr\u00e9zien ainsi que le site environnant remarquable sont mis en avant dans ce projet. La palette de teintes utilis\u00e9e en fa\u00e7ade, l\u2019ambiance et l\u2019architecture int\u00e9rieure ainsi que l\u2019omnipr\u00e9sence de la construction bois neuve et existante participent \u00e0 [&hellip;]\" \/>\n<meta property=\"og:url\" content=\"https:\/\/soho-aquitaine.com\/en\/0-template-projet-3\/\" \/>\n<meta property=\"og:site_name\" content=\"SOHO Aquitaine\" \/>\n<meta property=\"article:published_time\" content=\"2026-01-07T09:05:44+00:00\" \/>\n<meta property=\"article:modified_time\" content=\"2026-01-07T09:07:01+00:00\" \/>\n<meta property=\"og:image\" content=\"https:\/\/soho-aquitaine.com\/wp-content\/uploads\/2026\/01\/brive-aireA89-photo-2.webp\" \/>\n\t<meta property=\"og:image:width\" content=\"2500\" \/>\n\t<meta property=\"og:image:height\" content=\"1667\" \/>\n\t<meta property=\"og:image:type\" content=\"image\/webp\" \/>\n<meta name=\"author\" content=\"Soho Aquitaine\" \/>\n<meta name=\"twitter:card\" content=\"summary_large_image\" \/>\n<meta name=\"twitter:label1\" content=\"Written by\" \/>\n\t<meta name=\"twitter:data1\" content=\"Soho Aquitaine\" \/>\n\t<meta name=\"twitter:label2\" content=\"Est. reading time\" \/>\n\t<meta name=\"twitter:data2\" content=\"1 minute\" \/>\n<script type=\"application\/ld+json\" class=\"yoast-schema-graph\">{\"@context\":\"https:\\\/\\\/schema.org\",\"@graph\":[{\"@type\":\"Article\",\"@id\":\"https:\\\/\\\/soho-aquitaine.com\\\/0-template-projet-3\\\/#article\",\"isPartOf\":{\"@id\":\"https:\\\/\\\/soho-aquitaine.com\\\/0-template-projet-3\\\/\"},\"author\":{\"name\":\"Soho Aquitaine\",\"@id\":\"https:\\\/\\\/soho-aquitaine.com\\\/#\\\/schema\\\/person\\\/2e509e1c4f4f79af2053b91516a8a10b\"},\"headline\":\"Aire du Pays de Brive &#8211; Saint-Pantal\u00e9on-de-Larche (19)\",\"datePublished\":\"2026-01-07T09:05:44+00:00\",\"dateModified\":\"2026-01-07T09:07:01+00:00\",\"mainEntityOfPage\":{\"@id\":\"https:\\\/\\\/soho-aquitaine.com\\\/0-template-projet-3\\\/\"},\"wordCount\":162,\"publisher\":{\"@id\":\"https:\\\/\\\/soho-aquitaine.com\\\/#organization\"},\"image\":{\"@id\":\"https:\\\/\\\/soho-aquitaine.com\\\/0-template-projet-3\\\/#primaryimage\"},\"thumbnailUrl\":\"https:\\\/\\\/soho-aquitaine.com\\\/wp-content\\\/uploads\\\/2026\\\/01\\\/brive-aireA89-photo-2.webp\",\"articleSection\":[\"Restructuration\",\"Retail\"],\"inLanguage\":\"en-US\"},{\"@type\":\"WebPage\",\"@id\":\"https:\\\/\\\/soho-aquitaine.com\\\/0-template-projet-3\\\/\",\"url\":\"https:\\\/\\\/soho-aquitaine.com\\\/0-template-projet-3\\\/\",\"name\":\"Aire du Pays de Brive - Saint-Pantal\u00e9on-de-Larche (19) - SOHO Aquitaine\",\"isPartOf\":{\"@id\":\"https:\\\/\\\/soho-aquitaine.com\\\/#website\"},\"primaryImageOfPage\":{\"@id\":\"https:\\\/\\\/soho-aquitaine.com\\\/0-template-projet-3\\\/#primaryimage\"},\"image\":{\"@id\":\"https:\\\/\\\/soho-aquitaine.com\\\/0-template-projet-3\\\/#primaryimage\"},\"thumbnailUrl\":\"https:\\\/\\\/soho-aquitaine.com\\\/wp-content\\\/uploads\\\/2026\\\/01\\\/brive-aireA89-photo-2.webp\",\"datePublished\":\"2026-01-07T09:05:44+00:00\",\"dateModified\":\"2026-01-07T09:07:01+00:00\",\"breadcrumb\":{\"@id\":\"https:\\\/\\\/soho-aquitaine.com\\\/0-template-projet-3\\\/#breadcrumb\"},\"inLanguage\":\"en-US\",\"potentialAction\":[{\"@type\":\"ReadAction\",\"target\":[\"https:\\\/\\\/soho-aquitaine.com\\\/0-template-projet-3\\\/\"]}]},{\"@type\":\"ImageObject\",\"inLanguage\":\"en-US\",\"@id\":\"https:\\\/\\\/soho-aquitaine.com\\\/0-template-projet-3\\\/#primaryimage\",\"url\":\"https:\\\/\\\/soho-aquitaine.com\\\/wp-content\\\/uploads\\\/2026\\\/01\\\/brive-aireA89-photo-2.webp\",\"contentUrl\":\"https:\\\/\\\/soho-aquitaine.com\\\/wp-content\\\/uploads\\\/2026\\\/01\\\/brive-aireA89-photo-2.webp\",\"width\":2500,\"height\":1667},{\"@type\":\"BreadcrumbList\",\"@id\":\"https:\\\/\\\/soho-aquitaine.com\\\/0-template-projet-3\\\/#breadcrumb\",\"itemListElement\":[{\"@type\":\"ListItem\",\"position\":1,\"name\":\"Accueil\",\"item\":\"https:\\\/\\\/soho-aquitaine.com\\\/\"},{\"@type\":\"ListItem\",\"position\":2,\"name\":\"Aire du Pays de Brive &#8211; Saint-Pantal\u00e9on-de-Larche (19)\"}]},{\"@type\":\"WebSite\",\"@id\":\"https:\\\/\\\/soho-aquitaine.com\\\/#website\",\"url\":\"https:\\\/\\\/soho-aquitaine.com\\\/\",\"name\":\"SOHO Aquitaine\",\"description\":\"\",\"publisher\":{\"@id\":\"https:\\\/\\\/soho-aquitaine.com\\\/#organization\"},\"potentialAction\":[{\"@type\":\"SearchAction\",\"target\":{\"@type\":\"EntryPoint\",\"urlTemplate\":\"https:\\\/\\\/soho-aquitaine.com\\\/?s={search_term_string}\"},\"query-input\":{\"@type\":\"PropertyValueSpecification\",\"valueRequired\":true,\"valueName\":\"search_term_string\"}}],\"inLanguage\":\"en-US\"},{\"@type\":\"Organization\",\"@id\":\"https:\\\/\\\/soho-aquitaine.com\\\/#organization\",\"name\":\"SOHO Aquitaine\",\"url\":\"https:\\\/\\\/soho-aquitaine.com\\\/\",\"logo\":{\"@type\":\"ImageObject\",\"inLanguage\":\"en-US\",\"@id\":\"https:\\\/\\\/soho-aquitaine.com\\\/#\\\/schema\\\/logo\\\/image\\\/\",\"url\":\"https:\\\/\\\/soho-aquitaine.com\\\/wp-content\\\/uploads\\\/2025\\\/10\\\/LOGO-NB-SOHO-AQUITAINE.jpg\",\"contentUrl\":\"https:\\\/\\\/soho-aquitaine.com\\\/wp-content\\\/uploads\\\/2025\\\/10\\\/LOGO-NB-SOHO-AQUITAINE.jpg\",\"width\":928,\"height\":478,\"caption\":\"SOHO Aquitaine\"},\"image\":{\"@id\":\"https:\\\/\\\/soho-aquitaine.com\\\/#\\\/schema\\\/logo\\\/image\\\/\"},\"sameAs\":[\"https:\\\/\\\/www.linkedin.com\\\/company\\\/soho-aquitaine\\\/\",\"https:\\\/\\\/www.instagram.com\\\/soho_archi\\\/\",\"https:\\\/\\\/www.youtube.com\\\/@soho_archi\"]},{\"@type\":\"Person\",\"@id\":\"https:\\\/\\\/soho-aquitaine.com\\\/#\\\/schema\\\/person\\\/2e509e1c4f4f79af2053b91516a8a10b\",\"name\":\"Soho Aquitaine\",\"image\":{\"@type\":\"ImageObject\",\"inLanguage\":\"en-US\",\"@id\":\"https:\\\/\\\/secure.gravatar.com\\\/avatar\\\/eb2ecddd64a0f4a9f2a4b5d9b1b8af7a04563f3723209f00c255fda5b3eeb7e1?s=96&d=mm&r=g\",\"url\":\"https:\\\/\\\/secure.gravatar.com\\\/avatar\\\/eb2ecddd64a0f4a9f2a4b5d9b1b8af7a04563f3723209f00c255fda5b3eeb7e1?s=96&d=mm&r=g\",\"contentUrl\":\"https:\\\/\\\/secure.gravatar.com\\\/avatar\\\/eb2ecddd64a0f4a9f2a4b5d9b1b8af7a04563f3723209f00c255fda5b3eeb7e1?s=96&d=mm&r=g\",\"caption\":\"Soho Aquitaine\"},\"sameAs\":[\"https:\\\/\\\/soho-aquitaine.com\\\/\"],\"url\":\"https:\\\/\\\/soho-aquitaine.com\\\/en\\\/author\\\/jc-chb\\\/\"}]}<\/script>\n<!-- \/ Yoast SEO plugin. -->","yoast_head_json":{"title":"Aire du Pays de Brive - Saint-Pantal\u00e9on-de-Larche (19) - SOHO Aquitaine","robots":{"index":"index","follow":"follow","max-snippet":"max-snippet:-1","max-image-preview":"max-image-preview:large","max-video-preview":"max-video-preview:-1"},"canonical":"https:\/\/soho-aquitaine.com\/en\/0-template-projet-3\/","og_locale":"en_US","og_type":"article","og_title":"Aire du Pays de Brive - Saint-Pantal\u00e9on-de-Larche (19) - SOHO Aquitaine","og_description":"Le projet s\u2019inscrit autant dans une d\u00e9marche de redynamisation du b\u00e2timent existant que des espaces ext\u00e9rieurs. Le territoire corr\u00e9zien ainsi que le site environnant remarquable sont mis en avant dans ce projet. La palette de teintes utilis\u00e9e en fa\u00e7ade, l\u2019ambiance et l\u2019architecture int\u00e9rieure ainsi que l\u2019omnipr\u00e9sence de la construction bois neuve et existante participent \u00e0 [&hellip;]","og_url":"https:\/\/soho-aquitaine.com\/en\/0-template-projet-3\/","og_site_name":"SOHO Aquitaine","article_published_time":"2026-01-07T09:05:44+00:00","article_modified_time":"2026-01-07T09:07:01+00:00","og_image":[{"width":2500,"height":1667,"url":"https:\/\/soho-aquitaine.com\/wp-content\/uploads\/2026\/01\/brive-aireA89-photo-2.webp","type":"image\/webp"}],"author":"Soho Aquitaine","twitter_card":"summary_large_image","twitter_misc":{"Written by":"Soho Aquitaine","Est. reading time":"1 minute"},"schema":{"@context":"https:\/\/schema.org","@graph":[{"@type":"Article","@id":"https:\/\/soho-aquitaine.com\/0-template-projet-3\/#article","isPartOf":{"@id":"https:\/\/soho-aquitaine.com\/0-template-projet-3\/"},"author":{"name":"Soho Aquitaine","@id":"https:\/\/soho-aquitaine.com\/#\/schema\/person\/2e509e1c4f4f79af2053b91516a8a10b"},"headline":"Aire du Pays de Brive &#8211; Saint-Pantal\u00e9on-de-Larche (19)","datePublished":"2026-01-07T09:05:44+00:00","dateModified":"2026-01-07T09:07:01+00:00","mainEntityOfPage":{"@id":"https:\/\/soho-aquitaine.com\/0-template-projet-3\/"},"wordCount":162,"publisher":{"@id":"https:\/\/soho-aquitaine.com\/#organization"},"image":{"@id":"https:\/\/soho-aquitaine.com\/0-template-projet-3\/#primaryimage"},"thumbnailUrl":"https:\/\/soho-aquitaine.com\/wp-content\/uploads\/2026\/01\/brive-aireA89-photo-2.webp","articleSection":["Restructuration","Retail"],"inLanguage":"en-US"},{"@type":"WebPage","@id":"https:\/\/soho-aquitaine.com\/0-template-projet-3\/","url":"https:\/\/soho-aquitaine.com\/0-template-projet-3\/","name":"Aire du Pays de Brive - Saint-Pantal\u00e9on-de-Larche (19) - SOHO Aquitaine","isPartOf":{"@id":"https:\/\/soho-aquitaine.com\/#website"},"primaryImageOfPage":{"@id":"https:\/\/soho-aquitaine.com\/0-template-projet-3\/#primaryimage"},"image":{"@id":"https:\/\/soho-aquitaine.com\/0-template-projet-3\/#primaryimage"},"thumbnailUrl":"https:\/\/soho-aquitaine.com\/wp-content\/uploads\/2026\/01\/brive-aireA89-photo-2.webp","datePublished":"2026-01-07T09:05:44+00:00","dateModified":"2026-01-07T09:07:01+00:00","breadcrumb":{"@id":"https:\/\/soho-aquitaine.com\/0-template-projet-3\/#breadcrumb"},"inLanguage":"en-US","potentialAction":[{"@type":"ReadAction","target":["https:\/\/soho-aquitaine.com\/0-template-projet-3\/"]}]},{"@type":"ImageObject","inLanguage":"en-US","@id":"https:\/\/soho-aquitaine.com\/0-template-projet-3\/#primaryimage","url":"https:\/\/soho-aquitaine.com\/wp-content\/uploads\/2026\/01\/brive-aireA89-photo-2.webp","contentUrl":"https:\/\/soho-aquitaine.com\/wp-content\/uploads\/2026\/01\/brive-aireA89-photo-2.webp","width":2500,"height":1667},{"@type":"BreadcrumbList","@id":"https:\/\/soho-aquitaine.com\/0-template-projet-3\/#breadcrumb","itemListElement":[{"@type":"ListItem","position":1,"name":"Accueil","item":"https:\/\/soho-aquitaine.com\/"},{"@type":"ListItem","position":2,"name":"Aire du Pays de Brive &#8211; Saint-Pantal\u00e9on-de-Larche (19)"}]},{"@type":"WebSite","@id":"https:\/\/soho-aquitaine.com\/#website","url":"https:\/\/soho-aquitaine.com\/","name":"SOHO Aquitaine","description":"","publisher":{"@id":"https:\/\/soho-aquitaine.com\/#organization"},"potentialAction":[{"@type":"SearchAction","target":{"@type":"EntryPoint","urlTemplate":"https:\/\/soho-aquitaine.com\/?s={search_term_string}"},"query-input":{"@type":"PropertyValueSpecification","valueRequired":true,"valueName":"search_term_string"}}],"inLanguage":"en-US"},{"@type":"Organization","@id":"https:\/\/soho-aquitaine.com\/#organization","name":"SOHO Aquitaine","url":"https:\/\/soho-aquitaine.com\/","logo":{"@type":"ImageObject","inLanguage":"en-US","@id":"https:\/\/soho-aquitaine.com\/#\/schema\/logo\/image\/","url":"https:\/\/soho-aquitaine.com\/wp-content\/uploads\/2025\/10\/LOGO-NB-SOHO-AQUITAINE.jpg","contentUrl":"https:\/\/soho-aquitaine.com\/wp-content\/uploads\/2025\/10\/LOGO-NB-SOHO-AQUITAINE.jpg","width":928,"height":478,"caption":"SOHO Aquitaine"},"image":{"@id":"https:\/\/soho-aquitaine.com\/#\/schema\/logo\/image\/"},"sameAs":["https:\/\/www.linkedin.com\/company\/soho-aquitaine\/","https:\/\/www.instagram.com\/soho_archi\/","https:\/\/www.youtube.com\/@soho_archi"]},{"@type":"Person","@id":"https:\/\/soho-aquitaine.com\/#\/schema\/person\/2e509e1c4f4f79af2053b91516a8a10b","name":"Soho Aquitaine","image":{"@type":"ImageObject","inLanguage":"en-US","@id":"https:\/\/secure.gravatar.com\/avatar\/eb2ecddd64a0f4a9f2a4b5d9b1b8af7a04563f3723209f00c255fda5b3eeb7e1?s=96&d=mm&r=g","url":"https:\/\/secure.gravatar.com\/avatar\/eb2ecddd64a0f4a9f2a4b5d9b1b8af7a04563f3723209f00c255fda5b3eeb7e1?s=96&d=mm&r=g","contentUrl":"https:\/\/secure.gravatar.com\/avatar\/eb2ecddd64a0f4a9f2a4b5d9b1b8af7a04563f3723209f00c255fda5b3eeb7e1?s=96&d=mm&r=g","caption":"Soho Aquitaine"},"sameAs":["https:\/\/soho-aquitaine.com\/"],"url":"https:\/\/soho-aquitaine.com\/en\/author\/jc-chb\/"}]}},"_links":{"self":[{"href":"https:\/\/soho-aquitaine.com\/en\/wp-json\/wp\/v2\/posts\/2815","targetHints":{"allow":["GET"]}}],"collection":[{"href":"https:\/\/soho-aquitaine.com\/en\/wp-json\/wp\/v2\/posts"}],"about":[{"href":"https:\/\/soho-aquitaine.com\/en\/wp-json\/wp\/v2\/types\/post"}],"author":[{"embeddable":true,"href":"https:\/\/soho-aquitaine.com\/en\/wp-json\/wp\/v2\/users\/4"}],"replies":[{"embeddable":true,"href":"https:\/\/soho-aquitaine.com\/en\/wp-json\/wp\/v2\/comments?post=2815"}],"version-history":[{"count":4,"href":"https:\/\/soho-aquitaine.com\/en\/wp-json\/wp\/v2\/posts\/2815\/revisions"}],"predecessor-version":[{"id":2825,"href":"https:\/\/soho-aquitaine.com\/en\/wp-json\/wp\/v2\/posts\/2815\/revisions\/2825"}],"wp:featuredmedia":[{"embeddable":true,"href":"https:\/\/soho-aquitaine.com\/en\/wp-json\/wp\/v2\/media\/2817"}],"wp:attachment":[{"href":"https:\/\/soho-aquitaine.com\/en\/wp-json\/wp\/v2\/media?parent=2815"}],"wp:term":[{"taxonomy":"category","embeddable":true,"href":"https:\/\/soho-aquitaine.com\/en\/wp-json\/wp\/v2\/categories?post=2815"},{"taxonomy":"post_tag","embeddable":true,"href":"https:\/\/soho-aquitaine.com\/en\/wp-json\/wp\/v2\/tags?post=2815"}],"curies":[{"name":"wp","href":"https:\/\/api.w.org\/{rel}","templated":true}]}}